{"id":3975,"date":"2021-07-19T13:39:28","date_gmt":"2021-07-19T11:39:28","guid":{"rendered":"https:\/\/www.mobil-mark.de\/unternehmen\/news\/non-classifiee\/gravure-durable-et-respectueuse-des-materiaux-sur-plastique\/"},"modified":"2022-03-30T15:23:57","modified_gmt":"2022-03-30T13:23:57","slug":"gravure-durable-et-respectueuse-des-materiaux-sur-plastique","status":"publish","type":"post","link":"https:\/\/www.mobil-mark.de\/fr\/unternehmen\/news\/presse-fr\/gravure-durable-et-respectueuse-des-materiaux-sur-plastique\/","title":{"rendered":"Gravure durable et respectueuse des mat\u00e9riaux sur plastique"},"content":{"rendered":"[et_pb_section fb_built=\u00a0\u00bb1&Prime; admin_label=\u00a0\u00bbsection\u00a0\u00bb _builder_version=\u00a0\u00bb4.9.9&Prime; _module_preset=\u00a0\u00bb99da824c-76a6-4bb9-8a79-b377c82e1353&Prime; global_colors_info=\u00a0\u00bb{}\u00a0\u00bb theme_builder_area=\u00a0\u00bbpost_content\u00a0\u00bb][et_pb_row admin_label=\u00a0\u00bbrow\u00a0\u00bb _builder_version=\u00a0\u00bb4.9.9&Prime; _module_preset=\u00a0\u00bbd4e3df58-e148-496c-aa3a-4f7ad07e26b4&Prime; background_size=\u00a0\u00bbinitial\u00a0\u00bb background_position=\u00a0\u00bbtop_left\u00a0\u00bb background_repeat=\u00a0\u00bbrepeat\u00a0\u00bb global_colors_info=\u00a0\u00bb{}\u00a0\u00bb theme_builder_area=\u00a0\u00bbpost_content\u00a0\u00bb][et_pb_column type=\u00a0\u00bb4_4&Prime; _builder_version=\u00a0\u00bb3.25&Prime; custom_padding=\u00a0\u00bb|||\u00a0\u00bb global_colors_info=\u00a0\u00bb{}\u00a0\u00bb custom_padding__hover=\u00a0\u00bb|||\u00a0\u00bb theme_builder_area=\u00a0\u00bbpost_content\u00a0\u00bb][et_pb_text admin_label=\u00a0\u00bbText\u00a0\u00bb _builder_version=\u00a0\u00bb4.14.2&Prime; _module_preset=\u00a0\u00bb7e517529-7cea-44c1-9564-29170ba40b2a\u00a0\u00bb hover_enabled=\u00a0\u00bb0&Prime; global_colors_info=\u00a0\u00bb{}\u00a0\u00bb theme_builder_area=\u00a0\u00bbpost_content\u00a0\u00bb sticky_enabled=\u00a0\u00bb0&Prime;]<p>Technoform marque ses surfaces d&rsquo;\u00e9change de chaleur en plastique pour les \u00e9changeurs de chaleur industriels avec le laser de gravure Quasar. Nous sommes heureux de contribuer \u00e0 ce projet client dans le march\u00e9 des machines.<br \/><\/p>[\/et_pb_text][et_pb_button button_url=\u00a0\u00bbhttps:\/\/www.maschinenmarkt.vogel.de\/individuelle-geometrien-an-den-unterschiedlichsten-stellen-markieren-a-1039724\/\u00a0\u00bb url_new_window=\u00a0\u00bbon\u00a0\u00bb button_text=\u00a0\u00bbacc\u00e9der \u00e0 l&rsquo;article\u00a0\u00bb _builder_version=\u00a0\u00bb4.9.9&Prime; _module_preset=\u00a0\u00bba46419da-3052-496b-b33c-2c2cea962ca5&Prime; saved_tabs=\u00a0\u00bball\u00a0\u00bb global_colors_info=\u00a0\u00bb{}\u00a0\u00bb theme_builder_area=\u00a0\u00bbpost_content\u00a0\u00bb][\/et_pb_button][\/et_pb_column][\/et_pb_row][\/et_pb_section]<!-- \/wp:post-content -->","protected":false},"excerpt":{"rendered":"<p>Technoform marque ses surfaces d&rsquo;\u00e9change de chaleur en plastique pour les \u00e9changeurs de chaleur industriels avec le laser de gravure Quasar. Nous sommes heureux de contribuer \u00e0 ce projet client dans le march\u00e9 des machines.<\/p>\n","protected":false},"author":5,"featured_media":0,"comment_status":"closed","ping_status":"open","sticky":false,"template":"","format":"standard","meta":{"_et_pb_use_builder":"on","_et_pb_old_content":"","_et_gb_content_width":"","footnotes":""},"categories":[56],"tags":[],"class_list":["post-3975","post","type-post","status-publish","format-standard","hentry","category-presse-fr"],"yoast_head":"<!-- This site is optimized with the Yoast SEO plugin v27.4 - https:\/\/yoast.com\/product\/yoast-seo-wordpress\/ -->\n<title>Gravure durable et respectueuse des mat\u00e9riaux sur plastique &#8212; Mobil-Mark<\/title>\n<meta name=\"description\" content=\"\u2713Laserbeschriftung Lasergravur \u2713 Lasermarkierung \u2713 Industrielle Beschriftung und Markierung per mobilen Gravurlaser \u2738 Jetzt Mobil-Mark kontaktieren.\" \/>\n<meta name=\"robots\" content=\"index, follow, max-snippet:-1, max-image-preview:large, max-video-preview:-1\" \/>\n<link rel=\"canonical\" href=\"https:\/\/www.mobil-mark.de\/fr\/unternehmen\/news\/presse-fr\/gravure-durable-et-respectueuse-des-materiaux-sur-plastique\/\" \/>\n<meta property=\"og:locale\" content=\"fr_FR\" \/>\n<meta property=\"og:type\" content=\"article\" \/>\n<meta property=\"og:title\" content=\"Gravure durable et respectueuse des mat\u00e9riaux sur plastique &#8212; Mobil-Mark\" \/>\n<meta property=\"og:description\" content=\"\u2713Laserbeschriftung Lasergravur \u2713 Lasermarkierung \u2713 Industrielle Beschriftung und Markierung per mobilen Gravurlaser \u2738 Jetzt Mobil-Mark kontaktieren.\" \/>\n<meta property=\"og:url\" content=\"https:\/\/www.mobil-mark.de\/fr\/unternehmen\/news\/presse-fr\/gravure-durable-et-respectueuse-des-materiaux-sur-plastique\/\" \/>\n<meta property=\"og:site_name\" content=\"Mobil-Mark\" \/>\n<meta property=\"article:published_time\" content=\"2021-07-19T11:39:28+00:00\" \/>\n<meta property=\"article:modified_time\" content=\"2022-03-30T13:23:57+00:00\" \/>\n<meta name=\"author\" content=\"Jana\" \/>\n<meta name=\"twitter:card\" content=\"summary_large_image\" \/>\n<meta name=\"twitter:label1\" content=\"\u00c9crit par\" \/>\n\t<meta name=\"twitter:data1\" content=\"Jana\" \/>\n<script type=\"application\/ld+json\" class=\"yoast-schema-graph\">{\"@context\":\"https:\\\/\\\/schema.org\",\"@graph\":[{\"@type\":\"Article\",\"@id\":\"https:\\\/\\\/www.mobil-mark.de\\\/fr\\\/unternehmen\\\/news\\\/presse-fr\\\/gravure-durable-et-respectueuse-des-materiaux-sur-plastique\\\/#article\",\"isPartOf\":{\"@id\":\"https:\\\/\\\/www.mobil-mark.de\\\/fr\\\/unternehmen\\\/news\\\/presse-fr\\\/gravure-durable-et-respectueuse-des-materiaux-sur-plastique\\\/\"},\"author\":{\"name\":\"Jana\",\"@id\":\"https:\\\/\\\/www.mobil-mark.de\\\/fr\\\/#\\\/schema\\\/person\\\/89a639ba50489acbe5e20c72f9ded6ae\"},\"headline\":\"Gravure durable et respectueuse des mat\u00e9riaux sur plastique\",\"datePublished\":\"2021-07-19T11:39:28+00:00\",\"dateModified\":\"2022-03-30T13:23:57+00:00\",\"mainEntityOfPage\":{\"@id\":\"https:\\\/\\\/www.mobil-mark.de\\\/fr\\\/unternehmen\\\/news\\\/presse-fr\\\/gravure-durable-et-respectueuse-des-materiaux-sur-plastique\\\/\"},\"wordCount\":222,\"publisher\":{\"@id\":\"https:\\\/\\\/www.mobil-mark.de\\\/fr\\\/#organization\"},\"articleSection\":[\"Presse\"],\"inLanguage\":\"fr-FR\"},{\"@type\":\"WebPage\",\"@id\":\"https:\\\/\\\/www.mobil-mark.de\\\/fr\\\/unternehmen\\\/news\\\/presse-fr\\\/gravure-durable-et-respectueuse-des-materiaux-sur-plastique\\\/\",\"url\":\"https:\\\/\\\/www.mobil-mark.de\\\/fr\\\/unternehmen\\\/news\\\/presse-fr\\\/gravure-durable-et-respectueuse-des-materiaux-sur-plastique\\\/\",\"name\":\"Gravure durable et respectueuse des mat\u00e9riaux sur plastique &#8212; Mobil-Mark\",\"isPartOf\":{\"@id\":\"https:\\\/\\\/www.mobil-mark.de\\\/fr\\\/#website\"},\"datePublished\":\"2021-07-19T11:39:28+00:00\",\"dateModified\":\"2022-03-30T13:23:57+00:00\",\"description\":\"\u2713Laserbeschriftung Lasergravur \u2713 Lasermarkierung \u2713 Industrielle Beschriftung und Markierung per mobilen Gravurlaser \u2738 Jetzt Mobil-Mark kontaktieren.\",\"breadcrumb\":{\"@id\":\"https:\\\/\\\/www.mobil-mark.de\\\/fr\\\/unternehmen\\\/news\\\/presse-fr\\\/gravure-durable-et-respectueuse-des-materiaux-sur-plastique\\\/#breadcrumb\"},\"inLanguage\":\"fr-FR\",\"potentialAction\":[{\"@type\":\"ReadAction\",\"target\":[\"https:\\\/\\\/www.mobil-mark.de\\\/fr\\\/unternehmen\\\/news\\\/presse-fr\\\/gravure-durable-et-respectueuse-des-materiaux-sur-plastique\\\/\"]}]},{\"@type\":\"BreadcrumbList\",\"@id\":\"https:\\\/\\\/www.mobil-mark.de\\\/fr\\\/unternehmen\\\/news\\\/presse-fr\\\/gravure-durable-et-respectueuse-des-materiaux-sur-plastique\\\/#breadcrumb\",\"itemListElement\":[{\"@type\":\"ListItem\",\"position\":1,\"name\":\"Startseite\",\"item\":\"https:\\\/\\\/www.mobil-mark.de\\\/fr\\\/\"},{\"@type\":\"ListItem\",\"position\":2,\"name\":\"Gravure durable et respectueuse des mat\u00e9riaux sur plastique\"}]},{\"@type\":\"WebSite\",\"@id\":\"https:\\\/\\\/www.mobil-mark.de\\\/fr\\\/#website\",\"url\":\"https:\\\/\\\/www.mobil-mark.de\\\/fr\\\/\",\"name\":\"Mobil-Mark\",\"description\":\"\",\"publisher\":{\"@id\":\"https:\\\/\\\/www.mobil-mark.de\\\/fr\\\/#organization\"},\"potentialAction\":[{\"@type\":\"SearchAction\",\"target\":{\"@type\":\"EntryPoint\",\"urlTemplate\":\"https:\\\/\\\/www.mobil-mark.de\\\/fr\\\/?s={search_term_string}\"},\"query-input\":{\"@type\":\"PropertyValueSpecification\",\"valueRequired\":true,\"valueName\":\"search_term_string\"}}],\"inLanguage\":\"fr-FR\"},{\"@type\":\"Organization\",\"@id\":\"https:\\\/\\\/www.mobil-mark.de\\\/fr\\\/#organization\",\"name\":\"Mobil-Mark\",\"url\":\"https:\\\/\\\/www.mobil-mark.de\\\/fr\\\/\",\"logo\":{\"@type\":\"ImageObject\",\"inLanguage\":\"fr-FR\",\"@id\":\"https:\\\/\\\/www.mobil-mark.de\\\/fr\\\/#\\\/schema\\\/logo\\\/image\\\/\",\"url\":\"https:\\\/\\\/www.mobil-mark.de\\\/wp-content\\\/uploads\\\/2021\\\/09\\\/cropped-favicon-mobil-mark.png\",\"contentUrl\":\"https:\\\/\\\/www.mobil-mark.de\\\/wp-content\\\/uploads\\\/2021\\\/09\\\/cropped-favicon-mobil-mark.png\",\"width\":512,\"height\":512,\"caption\":\"Mobil-Mark\"},\"image\":{\"@id\":\"https:\\\/\\\/www.mobil-mark.de\\\/fr\\\/#\\\/schema\\\/logo\\\/image\\\/\"}},{\"@type\":\"Person\",\"@id\":\"https:\\\/\\\/www.mobil-mark.de\\\/fr\\\/#\\\/schema\\\/person\\\/89a639ba50489acbe5e20c72f9ded6ae\",\"name\":\"Jana\"}]}<\/script>\n<!-- \/ Yoast SEO plugin. -->","yoast_head_json":{"title":"Gravure durable et respectueuse des mat\u00e9riaux sur plastique &#8212; Mobil-Mark","description":"\u2713Laserbeschriftung Lasergravur \u2713 Lasermarkierung \u2713 Industrielle Beschriftung und Markierung per mobilen Gravurlaser \u2738 Jetzt Mobil-Mark kontaktieren.","robots":{"index":"index","follow":"follow","max-snippet":"max-snippet:-1","max-image-preview":"max-image-preview:large","max-video-preview":"max-video-preview:-1"},"canonical":"https:\/\/www.mobil-mark.de\/fr\/unternehmen\/news\/presse-fr\/gravure-durable-et-respectueuse-des-materiaux-sur-plastique\/","og_locale":"fr_FR","og_type":"article","og_title":"Gravure durable et respectueuse des mat\u00e9riaux sur plastique &#8212; Mobil-Mark","og_description":"\u2713Laserbeschriftung Lasergravur \u2713 Lasermarkierung \u2713 Industrielle Beschriftung und Markierung per mobilen Gravurlaser \u2738 Jetzt Mobil-Mark kontaktieren.","og_url":"https:\/\/www.mobil-mark.de\/fr\/unternehmen\/news\/presse-fr\/gravure-durable-et-respectueuse-des-materiaux-sur-plastique\/","og_site_name":"Mobil-Mark","article_published_time":"2021-07-19T11:39:28+00:00","article_modified_time":"2022-03-30T13:23:57+00:00","author":"Jana","twitter_card":"summary_large_image","twitter_misc":{"\u00c9crit par":"Jana"},"schema":{"@context":"https:\/\/schema.org","@graph":[{"@type":"Article","@id":"https:\/\/www.mobil-mark.de\/fr\/unternehmen\/news\/presse-fr\/gravure-durable-et-respectueuse-des-materiaux-sur-plastique\/#article","isPartOf":{"@id":"https:\/\/www.mobil-mark.de\/fr\/unternehmen\/news\/presse-fr\/gravure-durable-et-respectueuse-des-materiaux-sur-plastique\/"},"author":{"name":"Jana","@id":"https:\/\/www.mobil-mark.de\/fr\/#\/schema\/person\/89a639ba50489acbe5e20c72f9ded6ae"},"headline":"Gravure durable et respectueuse des mat\u00e9riaux sur plastique","datePublished":"2021-07-19T11:39:28+00:00","dateModified":"2022-03-30T13:23:57+00:00","mainEntityOfPage":{"@id":"https:\/\/www.mobil-mark.de\/fr\/unternehmen\/news\/presse-fr\/gravure-durable-et-respectueuse-des-materiaux-sur-plastique\/"},"wordCount":222,"publisher":{"@id":"https:\/\/www.mobil-mark.de\/fr\/#organization"},"articleSection":["Presse"],"inLanguage":"fr-FR"},{"@type":"WebPage","@id":"https:\/\/www.mobil-mark.de\/fr\/unternehmen\/news\/presse-fr\/gravure-durable-et-respectueuse-des-materiaux-sur-plastique\/","url":"https:\/\/www.mobil-mark.de\/fr\/unternehmen\/news\/presse-fr\/gravure-durable-et-respectueuse-des-materiaux-sur-plastique\/","name":"Gravure durable et respectueuse des mat\u00e9riaux sur plastique &#8212; Mobil-Mark","isPartOf":{"@id":"https:\/\/www.mobil-mark.de\/fr\/#website"},"datePublished":"2021-07-19T11:39:28+00:00","dateModified":"2022-03-30T13:23:57+00:00","description":"\u2713Laserbeschriftung Lasergravur \u2713 Lasermarkierung \u2713 Industrielle Beschriftung und Markierung per mobilen Gravurlaser \u2738 Jetzt Mobil-Mark kontaktieren.","breadcrumb":{"@id":"https:\/\/www.mobil-mark.de\/fr\/unternehmen\/news\/presse-fr\/gravure-durable-et-respectueuse-des-materiaux-sur-plastique\/#breadcrumb"},"inLanguage":"fr-FR","potentialAction":[{"@type":"ReadAction","target":["https:\/\/www.mobil-mark.de\/fr\/unternehmen\/news\/presse-fr\/gravure-durable-et-respectueuse-des-materiaux-sur-plastique\/"]}]},{"@type":"BreadcrumbList","@id":"https:\/\/www.mobil-mark.de\/fr\/unternehmen\/news\/presse-fr\/gravure-durable-et-respectueuse-des-materiaux-sur-plastique\/#breadcrumb","itemListElement":[{"@type":"ListItem","position":1,"name":"Startseite","item":"https:\/\/www.mobil-mark.de\/fr\/"},{"@type":"ListItem","position":2,"name":"Gravure durable et respectueuse des mat\u00e9riaux sur plastique"}]},{"@type":"WebSite","@id":"https:\/\/www.mobil-mark.de\/fr\/#website","url":"https:\/\/www.mobil-mark.de\/fr\/","name":"Mobil-Mark","description":"","publisher":{"@id":"https:\/\/www.mobil-mark.de\/fr\/#organization"},"potentialAction":[{"@type":"SearchAction","target":{"@type":"EntryPoint","urlTemplate":"https:\/\/www.mobil-mark.de\/fr\/?s={search_term_string}"},"query-input":{"@type":"PropertyValueSpecification","valueRequired":true,"valueName":"search_term_string"}}],"inLanguage":"fr-FR"},{"@type":"Organization","@id":"https:\/\/www.mobil-mark.de\/fr\/#organization","name":"Mobil-Mark","url":"https:\/\/www.mobil-mark.de\/fr\/","logo":{"@type":"ImageObject","inLanguage":"fr-FR","@id":"https:\/\/www.mobil-mark.de\/fr\/#\/schema\/logo\/image\/","url":"https:\/\/www.mobil-mark.de\/wp-content\/uploads\/2021\/09\/cropped-favicon-mobil-mark.png","contentUrl":"https:\/\/www.mobil-mark.de\/wp-content\/uploads\/2021\/09\/cropped-favicon-mobil-mark.png","width":512,"height":512,"caption":"Mobil-Mark"},"image":{"@id":"https:\/\/www.mobil-mark.de\/fr\/#\/schema\/logo\/image\/"}},{"@type":"Person","@id":"https:\/\/www.mobil-mark.de\/fr\/#\/schema\/person\/89a639ba50489acbe5e20c72f9ded6ae","name":"Jana"}]}},"_links":{"self":[{"href":"https:\/\/www.mobil-mark.de\/fr\/wp-json\/wp\/v2\/posts\/3975","targetHints":{"allow":["GET"]}}],"collection":[{"href":"https:\/\/www.mobil-mark.de\/fr\/wp-json\/wp\/v2\/posts"}],"about":[{"href":"https:\/\/www.mobil-mark.de\/fr\/wp-json\/wp\/v2\/types\/post"}],"author":[{"embeddable":true,"href":"https:\/\/www.mobil-mark.de\/fr\/wp-json\/wp\/v2\/users\/5"}],"replies":[{"embeddable":true,"href":"https:\/\/www.mobil-mark.de\/fr\/wp-json\/wp\/v2\/comments?post=3975"}],"version-history":[{"count":5,"href":"https:\/\/www.mobil-mark.de\/fr\/wp-json\/wp\/v2\/posts\/3975\/revisions"}],"predecessor-version":[{"id":5304,"href":"https:\/\/www.mobil-mark.de\/fr\/wp-json\/wp\/v2\/posts\/3975\/revisions\/5304"}],"wp:attachment":[{"href":"https:\/\/www.mobil-mark.de\/fr\/wp-json\/wp\/v2\/media?parent=3975"}],"wp:term":[{"taxonomy":"category","embeddable":true,"href":"https:\/\/www.mobil-mark.de\/fr\/wp-json\/wp\/v2\/categories?post=3975"},{"taxonomy":"post_tag","embeddable":true,"href":"https:\/\/www.mobil-mark.de\/fr\/wp-json\/wp\/v2\/tags?post=3975"}],"curies":[{"name":"wp","href":"https:\/\/api.w.org\/{rel}","templated":true}]}}