{"id":3986,"date":"2020-10-06T13:40:00","date_gmt":"2020-10-06T11:40:00","guid":{"rendered":"https:\/\/www.mobil-mark.de\/unternehmen\/news\/non-classifiee\/mobil-mark-dans-le-magazine-automationspraxis\/"},"modified":"2022-03-30T12:13:03","modified_gmt":"2022-03-30T10:13:03","slug":"mobil-mark-dans-le-magazine-automationspraxis","status":"publish","type":"post","link":"https:\/\/www.mobil-mark.de\/fr\/unternehmen\/news\/presse-fr\/mobil-mark-dans-le-magazine-automationspraxis\/","title":{"rendered":"Mobil-Mark dans le magazine \u00ab\u00a0Automationspraxis\u00a0\u00bb"},"content":{"rendered":"\n[et_pb_section fb_built=\u00a0\u00bb1&Prime; admin_label=\u00a0\u00bbsection\u00a0\u00bb _builder_version=\u00a0\u00bb4.9.9&Prime; _module_preset=\u00a0\u00bb99da824c-76a6-4bb9-8a79-b377c82e1353&Prime;][et_pb_row admin_label=\u00a0\u00bbrow\u00a0\u00bb _builder_version=\u00a0\u00bb4.9.9&Prime; _module_preset=\u00a0\u00bbd4e3df58-e148-496c-aa3a-4f7ad07e26b4&Prime; background_size=\u00a0\u00bbinitial\u00a0\u00bb background_position=\u00a0\u00bbtop_left\u00a0\u00bb background_repeat=\u00a0\u00bbrepeat\u00a0\u00bb][et_pb_column type=\u00a0\u00bb4_4&Prime; _builder_version=\u00a0\u00bb3.25&Prime; custom_padding=\u00a0\u00bb|||\u00a0\u00bb custom_padding__hover=\u00a0\u00bb|||\u00a0\u00bb][et_pb_text admin_label=\u00a0\u00bbText\u00a0\u00bb _builder_version=\u00a0\u00bb4.9.9&Prime; background_size=\u00a0\u00bbinitial\u00a0\u00bb background_position=\u00a0\u00bbtop_left\u00a0\u00bb background_repeat=\u00a0\u00bbrepeat\u00a0\u00bb hover_enabled=\u00a0\u00bb0&Prime; sticky_enabled=\u00a0\u00bb0&Prime;]Notre laser automatis\u00e9 a fait l&rsquo;objet d&rsquo;un article dans le num\u00e9ro 10\/2020 du magazine \u00ab\u00a0Automationspraxis\u00a0\u00bb. Nous sommes ravis de lire ce bel article\u00a0![\/et_pb_text][et_pb_button button_url=\u00a0\u00bb@ET-DC@eyJkeW5hbWljIjp0cnVlLCJjb250ZW50IjoicG9zdF9saW5rX3VybF9hdHRhY2htZW50Iiwic2V0dGluZ3MiOnsicG9zdF9pZCI6IjE0MzUifX0=@\u00a0\u00bb button_text=\u00a0\u00bbAcc\u00e9der \u00e0 l&rsquo;article\u00a0\u00bb _builder_version=\u00a0\u00bb4.9.9&Prime; _dynamic_attributes=\u00a0\u00bbbutton_url\u00a0\u00bb _module_preset=\u00a0\u00bba46419da-3052-496b-b33c-2c2cea962ca5&Prime; saved_tabs=\u00a0\u00bball\u00a0\u00bb][\/et_pb_button][\/et_pb_column][\/et_pb_row][\/et_pb_section]\n","protected":false},"excerpt":{"rendered":"<p>Notre laser automatis\u00e9 a fait l&rsquo;objet d&rsquo;un article dans le num\u00e9ro 10\/2020 du magazine \u00ab\u00a0Automationspraxis\u00a0\u00bb. Nous sommes ravis de lire ce bel article\u00a0!<\/p>\n","protected":false},"author":7,"featured_media":0,"comment_status":"closed","ping_status":"open","sticky":false,"template":"","format":"standard","meta":{"_et_pb_use_builder":"on","_et_pb_old_content":"","_et_gb_content_width":"","footnotes":""},"categories":[56],"tags":[],"class_list":["post-3986","post","type-post","status-publish","format-standard","hentry","category-presse-fr"],"yoast_head":"<!-- This site is optimized with the Yoast SEO plugin v27.4 - https:\/\/yoast.com\/product\/yoast-seo-wordpress\/ -->\n<title>Mobil-Mark dans le magazine \u00ab\u00a0Automationspraxis\u00a0\u00bb &#8212; Mobil-Mark<\/title>\n<meta name=\"description\" content=\"\u2713Laserbeschriftung Lasergravur \u2713 Lasermarkierung \u2713 Industrielle Beschriftung und Markierung per mobilen Gravurlaser \u2738 Jetzt Mobil-Mark kontaktieren.\" \/>\n<meta name=\"robots\" content=\"index, follow, max-snippet:-1, max-image-preview:large, max-video-preview:-1\" \/>\n<link rel=\"canonical\" href=\"https:\/\/www.mobil-mark.de\/fr\/unternehmen\/news\/presse-fr\/mobil-mark-dans-le-magazine-automationspraxis\/\" \/>\n<meta property=\"og:locale\" content=\"fr_FR\" \/>\n<meta property=\"og:type\" content=\"article\" \/>\n<meta property=\"og:title\" content=\"Mobil-Mark dans le magazine \u00ab\u00a0Automationspraxis\u00a0\u00bb &#8212; Mobil-Mark\" \/>\n<meta property=\"og:description\" content=\"\u2713Laserbeschriftung Lasergravur \u2713 Lasermarkierung \u2713 Industrielle Beschriftung und Markierung per mobilen Gravurlaser \u2738 Jetzt Mobil-Mark kontaktieren.\" \/>\n<meta property=\"og:url\" content=\"https:\/\/www.mobil-mark.de\/fr\/unternehmen\/news\/presse-fr\/mobil-mark-dans-le-magazine-automationspraxis\/\" \/>\n<meta property=\"og:site_name\" content=\"Mobil-Mark\" \/>\n<meta property=\"article:published_time\" content=\"2020-10-06T11:40:00+00:00\" \/>\n<meta property=\"article:modified_time\" content=\"2022-03-30T10:13:03+00:00\" \/>\n<meta name=\"author\" content=\"Margarita Koch\" \/>\n<meta name=\"twitter:card\" content=\"summary_large_image\" \/>\n<meta name=\"twitter:label1\" content=\"\u00c9crit par\" \/>\n\t<meta name=\"twitter:data1\" content=\"Margarita Koch\" \/>\n\t<meta name=\"twitter:label2\" content=\"Dur\u00e9e de lecture estim\u00e9e\" \/>\n\t<meta name=\"twitter:data2\" content=\"1 minute\" \/>\n<script type=\"application\/ld+json\" class=\"yoast-schema-graph\">{\"@context\":\"https:\\\/\\\/schema.org\",\"@graph\":[{\"@type\":\"Article\",\"@id\":\"https:\\\/\\\/www.mobil-mark.de\\\/fr\\\/unternehmen\\\/news\\\/presse-fr\\\/mobil-mark-dans-le-magazine-automationspraxis\\\/#article\",\"isPartOf\":{\"@id\":\"https:\\\/\\\/www.mobil-mark.de\\\/fr\\\/unternehmen\\\/news\\\/presse-fr\\\/mobil-mark-dans-le-magazine-automationspraxis\\\/\"},\"author\":{\"name\":\"Margarita Koch\",\"@id\":\"https:\\\/\\\/www.mobil-mark.de\\\/fr\\\/#\\\/schema\\\/person\\\/ea75d946c38b7dcc844f9f3115179e09\"},\"headline\":\"Mobil-Mark dans le magazine \u00ab\u00a0Automationspraxis\u00a0\u00bb\",\"datePublished\":\"2020-10-06T11:40:00+00:00\",\"dateModified\":\"2022-03-30T10:13:03+00:00\",\"mainEntityOfPage\":{\"@id\":\"https:\\\/\\\/www.mobil-mark.de\\\/fr\\\/unternehmen\\\/news\\\/presse-fr\\\/mobil-mark-dans-le-magazine-automationspraxis\\\/\"},\"wordCount\":181,\"publisher\":{\"@id\":\"https:\\\/\\\/www.mobil-mark.de\\\/fr\\\/#organization\"},\"articleSection\":[\"Presse\"],\"inLanguage\":\"fr-FR\"},{\"@type\":\"WebPage\",\"@id\":\"https:\\\/\\\/www.mobil-mark.de\\\/fr\\\/unternehmen\\\/news\\\/presse-fr\\\/mobil-mark-dans-le-magazine-automationspraxis\\\/\",\"url\":\"https:\\\/\\\/www.mobil-mark.de\\\/fr\\\/unternehmen\\\/news\\\/presse-fr\\\/mobil-mark-dans-le-magazine-automationspraxis\\\/\",\"name\":\"Mobil-Mark dans le magazine \u00ab\u00a0Automationspraxis\u00a0\u00bb &#8212; Mobil-Mark\",\"isPartOf\":{\"@id\":\"https:\\\/\\\/www.mobil-mark.de\\\/fr\\\/#website\"},\"datePublished\":\"2020-10-06T11:40:00+00:00\",\"dateModified\":\"2022-03-30T10:13:03+00:00\",\"description\":\"\u2713Laserbeschriftung Lasergravur \u2713 Lasermarkierung \u2713 Industrielle Beschriftung und Markierung per mobilen Gravurlaser \u2738 Jetzt Mobil-Mark kontaktieren.\",\"breadcrumb\":{\"@id\":\"https:\\\/\\\/www.mobil-mark.de\\\/fr\\\/unternehmen\\\/news\\\/presse-fr\\\/mobil-mark-dans-le-magazine-automationspraxis\\\/#breadcrumb\"},\"inLanguage\":\"fr-FR\",\"potentialAction\":[{\"@type\":\"ReadAction\",\"target\":[\"https:\\\/\\\/www.mobil-mark.de\\\/fr\\\/unternehmen\\\/news\\\/presse-fr\\\/mobil-mark-dans-le-magazine-automationspraxis\\\/\"]}]},{\"@type\":\"BreadcrumbList\",\"@id\":\"https:\\\/\\\/www.mobil-mark.de\\\/fr\\\/unternehmen\\\/news\\\/presse-fr\\\/mobil-mark-dans-le-magazine-automationspraxis\\\/#breadcrumb\",\"itemListElement\":[{\"@type\":\"ListItem\",\"position\":1,\"name\":\"Startseite\",\"item\":\"https:\\\/\\\/www.mobil-mark.de\\\/fr\\\/\"},{\"@type\":\"ListItem\",\"position\":2,\"name\":\"Mobil-Mark dans le magazine \u00ab\u00a0Automationspraxis\u00a0\u00bb\"}]},{\"@type\":\"WebSite\",\"@id\":\"https:\\\/\\\/www.mobil-mark.de\\\/fr\\\/#website\",\"url\":\"https:\\\/\\\/www.mobil-mark.de\\\/fr\\\/\",\"name\":\"Mobil-Mark\",\"description\":\"\",\"publisher\":{\"@id\":\"https:\\\/\\\/www.mobil-mark.de\\\/fr\\\/#organization\"},\"potentialAction\":[{\"@type\":\"SearchAction\",\"target\":{\"@type\":\"EntryPoint\",\"urlTemplate\":\"https:\\\/\\\/www.mobil-mark.de\\\/fr\\\/?s={search_term_string}\"},\"query-input\":{\"@type\":\"PropertyValueSpecification\",\"valueRequired\":true,\"valueName\":\"search_term_string\"}}],\"inLanguage\":\"fr-FR\"},{\"@type\":\"Organization\",\"@id\":\"https:\\\/\\\/www.mobil-mark.de\\\/fr\\\/#organization\",\"name\":\"Mobil-Mark\",\"url\":\"https:\\\/\\\/www.mobil-mark.de\\\/fr\\\/\",\"logo\":{\"@type\":\"ImageObject\",\"inLanguage\":\"fr-FR\",\"@id\":\"https:\\\/\\\/www.mobil-mark.de\\\/fr\\\/#\\\/schema\\\/logo\\\/image\\\/\",\"url\":\"https:\\\/\\\/www.mobil-mark.de\\\/wp-content\\\/uploads\\\/2021\\\/09\\\/cropped-favicon-mobil-mark.png\",\"contentUrl\":\"https:\\\/\\\/www.mobil-mark.de\\\/wp-content\\\/uploads\\\/2021\\\/09\\\/cropped-favicon-mobil-mark.png\",\"width\":512,\"height\":512,\"caption\":\"Mobil-Mark\"},\"image\":{\"@id\":\"https:\\\/\\\/www.mobil-mark.de\\\/fr\\\/#\\\/schema\\\/logo\\\/image\\\/\"}},{\"@type\":\"Person\",\"@id\":\"https:\\\/\\\/www.mobil-mark.de\\\/fr\\\/#\\\/schema\\\/person\\\/ea75d946c38b7dcc844f9f3115179e09\",\"name\":\"Margarita Koch\"}]}<\/script>\n<!-- \/ Yoast SEO plugin. -->","yoast_head_json":{"title":"Mobil-Mark dans le magazine \u00ab\u00a0Automationspraxis\u00a0\u00bb &#8212; Mobil-Mark","description":"\u2713Laserbeschriftung Lasergravur \u2713 Lasermarkierung \u2713 Industrielle Beschriftung und Markierung per mobilen Gravurlaser \u2738 Jetzt Mobil-Mark kontaktieren.","robots":{"index":"index","follow":"follow","max-snippet":"max-snippet:-1","max-image-preview":"max-image-preview:large","max-video-preview":"max-video-preview:-1"},"canonical":"https:\/\/www.mobil-mark.de\/fr\/unternehmen\/news\/presse-fr\/mobil-mark-dans-le-magazine-automationspraxis\/","og_locale":"fr_FR","og_type":"article","og_title":"Mobil-Mark dans le magazine \u00ab\u00a0Automationspraxis\u00a0\u00bb &#8212; Mobil-Mark","og_description":"\u2713Laserbeschriftung Lasergravur \u2713 Lasermarkierung \u2713 Industrielle Beschriftung und Markierung per mobilen Gravurlaser \u2738 Jetzt Mobil-Mark kontaktieren.","og_url":"https:\/\/www.mobil-mark.de\/fr\/unternehmen\/news\/presse-fr\/mobil-mark-dans-le-magazine-automationspraxis\/","og_site_name":"Mobil-Mark","article_published_time":"2020-10-06T11:40:00+00:00","article_modified_time":"2022-03-30T10:13:03+00:00","author":"Margarita Koch","twitter_card":"summary_large_image","twitter_misc":{"\u00c9crit par":"Margarita Koch","Dur\u00e9e de lecture estim\u00e9e":"1 minute"},"schema":{"@context":"https:\/\/schema.org","@graph":[{"@type":"Article","@id":"https:\/\/www.mobil-mark.de\/fr\/unternehmen\/news\/presse-fr\/mobil-mark-dans-le-magazine-automationspraxis\/#article","isPartOf":{"@id":"https:\/\/www.mobil-mark.de\/fr\/unternehmen\/news\/presse-fr\/mobil-mark-dans-le-magazine-automationspraxis\/"},"author":{"name":"Margarita Koch","@id":"https:\/\/www.mobil-mark.de\/fr\/#\/schema\/person\/ea75d946c38b7dcc844f9f3115179e09"},"headline":"Mobil-Mark dans le magazine \u00ab\u00a0Automationspraxis\u00a0\u00bb","datePublished":"2020-10-06T11:40:00+00:00","dateModified":"2022-03-30T10:13:03+00:00","mainEntityOfPage":{"@id":"https:\/\/www.mobil-mark.de\/fr\/unternehmen\/news\/presse-fr\/mobil-mark-dans-le-magazine-automationspraxis\/"},"wordCount":181,"publisher":{"@id":"https:\/\/www.mobil-mark.de\/fr\/#organization"},"articleSection":["Presse"],"inLanguage":"fr-FR"},{"@type":"WebPage","@id":"https:\/\/www.mobil-mark.de\/fr\/unternehmen\/news\/presse-fr\/mobil-mark-dans-le-magazine-automationspraxis\/","url":"https:\/\/www.mobil-mark.de\/fr\/unternehmen\/news\/presse-fr\/mobil-mark-dans-le-magazine-automationspraxis\/","name":"Mobil-Mark dans le magazine \u00ab\u00a0Automationspraxis\u00a0\u00bb &#8212; Mobil-Mark","isPartOf":{"@id":"https:\/\/www.mobil-mark.de\/fr\/#website"},"datePublished":"2020-10-06T11:40:00+00:00","dateModified":"2022-03-30T10:13:03+00:00","description":"\u2713Laserbeschriftung Lasergravur \u2713 Lasermarkierung \u2713 Industrielle Beschriftung und Markierung per mobilen Gravurlaser \u2738 Jetzt Mobil-Mark kontaktieren.","breadcrumb":{"@id":"https:\/\/www.mobil-mark.de\/fr\/unternehmen\/news\/presse-fr\/mobil-mark-dans-le-magazine-automationspraxis\/#breadcrumb"},"inLanguage":"fr-FR","potentialAction":[{"@type":"ReadAction","target":["https:\/\/www.mobil-mark.de\/fr\/unternehmen\/news\/presse-fr\/mobil-mark-dans-le-magazine-automationspraxis\/"]}]},{"@type":"BreadcrumbList","@id":"https:\/\/www.mobil-mark.de\/fr\/unternehmen\/news\/presse-fr\/mobil-mark-dans-le-magazine-automationspraxis\/#breadcrumb","itemListElement":[{"@type":"ListItem","position":1,"name":"Startseite","item":"https:\/\/www.mobil-mark.de\/fr\/"},{"@type":"ListItem","position":2,"name":"Mobil-Mark dans le magazine \u00ab\u00a0Automationspraxis\u00a0\u00bb"}]},{"@type":"WebSite","@id":"https:\/\/www.mobil-mark.de\/fr\/#website","url":"https:\/\/www.mobil-mark.de\/fr\/","name":"Mobil-Mark","description":"","publisher":{"@id":"https:\/\/www.mobil-mark.de\/fr\/#organization"},"potentialAction":[{"@type":"SearchAction","target":{"@type":"EntryPoint","urlTemplate":"https:\/\/www.mobil-mark.de\/fr\/?s={search_term_string}"},"query-input":{"@type":"PropertyValueSpecification","valueRequired":true,"valueName":"search_term_string"}}],"inLanguage":"fr-FR"},{"@type":"Organization","@id":"https:\/\/www.mobil-mark.de\/fr\/#organization","name":"Mobil-Mark","url":"https:\/\/www.mobil-mark.de\/fr\/","logo":{"@type":"ImageObject","inLanguage":"fr-FR","@id":"https:\/\/www.mobil-mark.de\/fr\/#\/schema\/logo\/image\/","url":"https:\/\/www.mobil-mark.de\/wp-content\/uploads\/2021\/09\/cropped-favicon-mobil-mark.png","contentUrl":"https:\/\/www.mobil-mark.de\/wp-content\/uploads\/2021\/09\/cropped-favicon-mobil-mark.png","width":512,"height":512,"caption":"Mobil-Mark"},"image":{"@id":"https:\/\/www.mobil-mark.de\/fr\/#\/schema\/logo\/image\/"}},{"@type":"Person","@id":"https:\/\/www.mobil-mark.de\/fr\/#\/schema\/person\/ea75d946c38b7dcc844f9f3115179e09","name":"Margarita Koch"}]}},"_links":{"self":[{"href":"https:\/\/www.mobil-mark.de\/fr\/wp-json\/wp\/v2\/posts\/3986","targetHints":{"allow":["GET"]}}],"collection":[{"href":"https:\/\/www.mobil-mark.de\/fr\/wp-json\/wp\/v2\/posts"}],"about":[{"href":"https:\/\/www.mobil-mark.de\/fr\/wp-json\/wp\/v2\/types\/post"}],"author":[{"embeddable":true,"href":"https:\/\/www.mobil-mark.de\/fr\/wp-json\/wp\/v2\/users\/7"}],"replies":[{"embeddable":true,"href":"https:\/\/www.mobil-mark.de\/fr\/wp-json\/wp\/v2\/comments?post=3986"}],"version-history":[{"count":2,"href":"https:\/\/www.mobil-mark.de\/fr\/wp-json\/wp\/v2\/posts\/3986\/revisions"}],"predecessor-version":[{"id":5140,"href":"https:\/\/www.mobil-mark.de\/fr\/wp-json\/wp\/v2\/posts\/3986\/revisions\/5140"}],"wp:attachment":[{"href":"https:\/\/www.mobil-mark.de\/fr\/wp-json\/wp\/v2\/media?parent=3986"}],"wp:term":[{"taxonomy":"category","embeddable":true,"href":"https:\/\/www.mobil-mark.de\/fr\/wp-json\/wp\/v2\/categories?post=3986"},{"taxonomy":"post_tag","embeddable":true,"href":"https:\/\/www.mobil-mark.de\/fr\/wp-json\/wp\/v2\/tags?post=3986"}],"curies":[{"name":"wp","href":"https:\/\/api.w.org\/{rel}","templated":true}]}}